{"id":2021,"date":"2025-02-13T15:27:22","date_gmt":"2025-02-13T14:27:22","guid":{"rendered":"https:\/\/www.isalt-gestion.com\/2025\/02\/13\/le-fst-gere-par-isalt-recoit-lappui-du-fei\/"},"modified":"2025-10-23T22:14:24","modified_gmt":"2025-10-23T20:14:24","slug":"the-european-investment-fund-eif-commits-e40-million-to-isalts-fonds-strategique-des-transitions","status":"publish","type":"post","link":"https:\/\/www.isalt-gestion.com\/en\/2025\/02\/13\/the-european-investment-fund-eif-commits-e40-million-to-isalts-fonds-strategique-des-transitions\/","title":{"rendered":"The European Investment Fund (EIF) commits \u20ac40 million to ISALT\u2019s Fonds Strat\u00e9gique des Transitions"},"content":{"rendered":"<div class=\"wpb-content-wrapper\"><p>[vc_row css_animation=&#8221;&#8221; row_type=&#8221;row&#8221; use_row_as_full_screen_section=&#8221;no&#8221; type=&#8221;grid&#8221; angled_section=&#8221;no&#8221; text_align=&#8221;left&#8221; background_image_as_pattern=&#8221;without_pattern&#8221; z_index=&#8221;&#8221;][vc_column][vc_column_text css=&#8221;&#8221;]<\/p>\n<div class=\"page\" title=\"Page 1\">\n<div class=\"layoutArea\">\n<div class=\"column\">\n<p><em>Paris, February 13, 2025<\/em><\/p>\n<p>ISALT, management company of the Fonds Strat\u00e9gique des Transitions (FST), has secured a \u20ac40 million investment from the European Investment Fund (EIF), supported by the InvestEU program.<\/p>\n<\/div>\n<\/div>\n<\/div>\n<p>[\/vc_column_text][vc_empty_space height=&#8221;30px&#8221;][vc_single_image image=&#8221;2027&#8243; img_size=&#8221;full&#8221; css=&#8221;&#8221; qode_css_animation=&#8221;&#8221;][vc_empty_space height=&#8221;30px&#8221;][vc_column_text css=&#8221;&#8221;]<\/p>\n<div class=\"page\" title=\"Page 1\">\n<div class=\"layoutArea\">\n<div class=\"column\">\n<p>This commitment will enable FST to continue financing 15 to 20 innovative French companies across key sectors: alternative energy, decarbonized industry, quality of life, and technological innovation. The investment marks a significant milestone in FST\u2019s fundraising journey, helping it move toward its \u20ac300 million final closing target.<\/p>\n<\/div>\n<\/div>\n<\/div>\n<p>[\/vc_column_text][vc_empty_space height=&#8221;30px&#8221;][vc_empty_space height=&#8221;80px&#8221;][\/vc_column][\/vc_row][vc_row css_animation=&#8221;&#8221; row_type=&#8221;row&#8221; use_row_as_full_screen_section=&#8221;no&#8221; type=&#8221;full_width&#8221; angled_section=&#8221;no&#8221; text_align=&#8221;center&#8221; background_image_as_pattern=&#8221;without_pattern&#8221; z_index=&#8221;&#8221; background_color=&#8221;#ffffff&#8221;][vc_column css=&#8221;.vc_custom_1631026439191{background-color: #f3f0ec !important;}&#8221;][vc_empty_space height=&#8221;12px&#8221;]<span data-type=\"normal\" data-hover-icon-color=\"#002c4c\" class=\"qode_icon_shortcode  q_font_awsome_icon fa-4x pull-center \" style=\" \"><a  itemprop=\"url\" href=\"https:\/\/www.isalt-gestion.com\/wp-content\/uploads\/CP-ISALT-Investissement-FEI-dans-le-FST.pdf\" target=\"_blank\"><span aria-hidden=\"true\" class=\"qode_icon_font_elegant icon_download qode_icon_element\" style=\"color: #002c4c;\" ><\/span><\/a><\/span>[vc_empty_space height=&#8221;15px&#8221;][vc_column_text css=&#8221;&#8221;]<\/p>\n<h2>Download file<\/h2>\n<p>[\/vc_column_text][vc_empty_space][\/vc_column][\/vc_row][vc_row css_animation=&#8221;&#8221; row_type=&#8221;row&#8221; use_row_as_full_screen_section=&#8221;no&#8221; type=&#8221;grid&#8221; angled_section=&#8221;no&#8221; text_align=&#8221;center&#8221; background_image_as_pattern=&#8221;without_pattern&#8221; z_index=&#8221;&#8221;][vc_column][vc_empty_space height=&#8221;60px&#8221;][vc_column_text css=&#8221;&#8221;]<\/p>\n<h4><a style=\"letter-spacing: 2px;\" href=\"https:\/\/www.isalt-gestion.com\/en\/newsroom-isalt\/\">&lt; BACK TO THE NEWSROOM<\/a><\/h4>\n<p>[\/vc_column_text][\/vc_column][\/vc_row][vc_row css_animation=&#8221;&#8221; row_type=&#8221;row&#8221; use_row_as_full_screen_section=&#8221;no&#8221; type=&#8221;full_width&#8221; angled_section=&#8221;no&#8221; text_align=&#8221;left&#8221; background_image_as_pattern=&#8221;without_pattern&#8221;][vc_column][\/vc_column][\/vc_row]<\/p>\n<\/div>","protected":false},"excerpt":{"rendered":"<p>ISALT, soci\u00e9t\u00e9 de gestion du Fonds Strat\u00e9gique des Transitions (FST), annonce la signature d\u2019un investissement de 40 millions d\u2019euros par le Fonds Europ\u00e9en d\u2019Investissement (FEI).<\/p>\n","protected":false},"author":1,"featured_media":2023,"comment_status":"open","ping_status":"open","sticky":false,"template":"","format":"standard","meta":{"_acf_changed":false,"footnotes":""},"categories":[17],"tags":[],"class_list":["post-2021","post","type-post","status-publish","format-standard","has-post-thumbnail","hentry","category-communiques-de-presse"],"acf":[],"aioseo_notices":[],"_links":{"self":[{"href":"https:\/\/www.isalt-gestion.com\/en\/wp-json\/wp\/v2\/posts\/2021","targetHints":{"allow":["GET"]}}],"collection":[{"href":"https:\/\/www.isalt-gestion.com\/en\/wp-json\/wp\/v2\/posts"}],"about":[{"href":"https:\/\/www.isalt-gestion.com\/en\/wp-json\/wp\/v2\/types\/post"}],"author":[{"embeddable":true,"href":"https:\/\/www.isalt-gestion.com\/en\/wp-json\/wp\/v2\/users\/1"}],"replies":[{"embeddable":true,"href":"https:\/\/www.isalt-gestion.com\/en\/wp-json\/wp\/v2\/comments?post=2021"}],"version-history":[{"count":4,"href":"https:\/\/www.isalt-gestion.com\/en\/wp-json\/wp\/v2\/posts\/2021\/revisions"}],"predecessor-version":[{"id":2032,"href":"https:\/\/www.isalt-gestion.com\/en\/wp-json\/wp\/v2\/posts\/2021\/revisions\/2032"}],"wp:featuredmedia":[{"embeddable":true,"href":"https:\/\/www.isalt-gestion.com\/en\/wp-json\/wp\/v2\/media\/2023"}],"wp:attachment":[{"href":"https:\/\/www.isalt-gestion.com\/en\/wp-json\/wp\/v2\/media?parent=2021"}],"wp:term":[{"taxonomy":"category","embeddable":true,"href":"https:\/\/www.isalt-gestion.com\/en\/wp-json\/wp\/v2\/categories?post=2021"},{"taxonomy":"post_tag","embeddable":true,"href":"https:\/\/www.isalt-gestion.com\/en\/wp-json\/wp\/v2\/tags?post=2021"}],"curies":[{"name":"wp","href":"https:\/\/api.w.org\/{rel}","templated":true}]}}