{"id":2003,"date":"2025-03-25T15:55:25","date_gmt":"2025-03-25T14:55:25","guid":{"rendered":"https:\/\/www.isalt-gestion.com\/2025\/03\/25\/isalt-annonce-larrivee-de-giulia-marini-comme-directrice-associee\/"},"modified":"2025-10-23T22:06:35","modified_gmt":"2025-10-23T20:06:35","slug":"isalt-appoints-giulia-marini-as-managing-director","status":"publish","type":"post","link":"https:\/\/www.isalt-gestion.com\/en\/2025\/03\/25\/isalt-appoints-giulia-marini-as-managing-director\/","title":{"rendered":"ISALT appoints Giulia Marini as Managing Director"},"content":{"rendered":"<div class=\"wpb-content-wrapper\"><p>[vc_row css_animation=&#8221;&#8221; row_type=&#8221;row&#8221; use_row_as_full_screen_section=&#8221;no&#8221; type=&#8221;grid&#8221; angled_section=&#8221;no&#8221; text_align=&#8221;left&#8221; background_image_as_pattern=&#8221;without_pattern&#8221; z_index=&#8221;&#8221;][vc_column][vc_column_text css=&#8221;&#8221;]<\/p>\n<div class=\"page\" title=\"Page 1\">\n<div class=\"layoutArea\">\n<div class=\"column\">\n<p><em>Paris, March 25, 2025<\/em><\/p>\n<p>ISALT announces the appointment of Giulia Marini as Managing Director, reinforcing the team responsible for managing and developing the assets of the Fonds Strat\u00e9gique de Participations (FSP), a major fund supporting France\u2019s economic and industrial sovereignty.<\/p>\n<\/div>\n<\/div>\n<\/div>\n<p>[\/vc_column_text][vc_empty_space height=&#8221;30px&#8221;][vc_single_image image=&#8221;2010&#8243; img_size=&#8221;full&#8221; css=&#8221;&#8221; qode_css_animation=&#8221;&#8221;][vc_empty_space height=&#8221;30px&#8221;][vc_column_text css=&#8221;&#8221;]<br \/>\nWith over 15 years of experience in investment banking, Giulia Marini brings deep strategic expertise to accelerate the FSP\u2019s deployment, particularly in industrial, technological, and energy sectors central to France\u2019s economic priorities.<\/p>\n<p>A graduate of HEC Paris, Giulia Marini is Franco-Italian. Born in Rome, she moved to Paris for her studies before joining Goldman Sachs, where she spent nearly 17 years in the Mergers &amp; Acquisitions team.<\/p>\n<p>As Managing Director, she advised numerous French and international clients \u2014 both listed and private \u2014 on strategic growth transactions such as acquisitions, divestitures, takeovers, and minority investments in industries including energy, manufacturing, and TMT (technology, media, and telecommunications).<\/p>\n<p>She joined ISALT in October 2024 as Managing Director, contributing to the development and management of FSP\u2019s portfolio.<br \/>\n[\/vc_column_text][vc_empty_space height=&#8221;30px&#8221;][vc_empty_space height=&#8221;80px&#8221;][\/vc_column][\/vc_row][vc_row css_animation=&#8221;&#8221; row_type=&#8221;row&#8221; use_row_as_full_screen_section=&#8221;no&#8221; type=&#8221;full_width&#8221; angled_section=&#8221;no&#8221; text_align=&#8221;center&#8221; background_image_as_pattern=&#8221;without_pattern&#8221; z_index=&#8221;&#8221; background_color=&#8221;#ffffff&#8221;][vc_column css=&#8221;.vc_custom_1631026439191{background-color: #f3f0ec !important;}&#8221;][vc_empty_space height=&#8221;12px&#8221;]<span data-type=\"normal\" data-hover-icon-color=\"#002c4c\" class=\"qode_icon_shortcode  q_font_awsome_icon fa-4x pull-center \" style=\" \"><a  itemprop=\"url\" href=\"https:\/\/www.isalt-gestion.com\/wp-content\/uploads\/ISALT-CP-Nomination-Giulia-MARINI.pdf\" target=\"_blank\"><span aria-hidden=\"true\" class=\"qode_icon_font_elegant icon_download qode_icon_element\" style=\"color: #002c4c;\" ><\/span><\/a><\/span>[vc_empty_space height=&#8221;15px&#8221;][vc_column_text css=&#8221;&#8221;]<\/p>\n<h2>Download file<\/h2>\n<p>[\/vc_column_text][vc_empty_space][\/vc_column][\/vc_row][vc_row css_animation=&#8221;&#8221; row_type=&#8221;row&#8221; use_row_as_full_screen_section=&#8221;no&#8221; type=&#8221;grid&#8221; angled_section=&#8221;no&#8221; text_align=&#8221;center&#8221; background_image_as_pattern=&#8221;without_pattern&#8221; z_index=&#8221;&#8221;][vc_column][vc_empty_space height=&#8221;60px&#8221;][vc_column_text css=&#8221;&#8221;]<\/p>\n<h4><a style=\"letter-spacing: 2px;\" href=\"https:\/\/www.isalt-gestion.com\/en\/newsroom-isalt\/\">&lt; BACK TO THE NEWSROOM<\/a><\/h4>\n<p>[\/vc_column_text][\/vc_column][\/vc_row][vc_row css_animation=&#8221;&#8221; row_type=&#8221;row&#8221; use_row_as_full_screen_section=&#8221;no&#8221; type=&#8221;full_width&#8221; angled_section=&#8221;no&#8221; text_align=&#8221;left&#8221; background_image_as_pattern=&#8221;without_pattern&#8221;][vc_column][\/vc_column][\/vc_row]<\/p>\n<\/div>","protected":false},"excerpt":{"rendered":"<p>Son arriv\u00e9e vient renforcer l\u2019\u00e9quipe en charge de la gestion et du d\u00e9veloppement des actifs du Fonds Strat\u00e9gique de Participations (FSP), un dispositif cl\u00e9 au service de la souverainet\u00e9 \u00e9conomique et industrielle fran\u00e7aise.<\/p>\n","protected":false},"author":1,"featured_media":2005,"comment_status":"open","ping_status":"open","sticky":false,"template":"","format":"standard","meta":{"_acf_changed":false,"footnotes":""},"categories":[17],"tags":[],"class_list":["post-2003","post","type-post","status-publish","format-standard","has-post-thumbnail","hentry","category-communiques-de-presse"],"acf":[],"aioseo_notices":[],"_links":{"self":[{"href":"https:\/\/www.isalt-gestion.com\/en\/wp-json\/wp\/v2\/posts\/2003","targetHints":{"allow":["GET"]}}],"collection":[{"href":"https:\/\/www.isalt-gestion.com\/en\/wp-json\/wp\/v2\/posts"}],"about":[{"href":"https:\/\/www.isalt-gestion.com\/en\/wp-json\/wp\/v2\/types\/post"}],"author":[{"embeddable":true,"href":"https:\/\/www.isalt-gestion.com\/en\/wp-json\/wp\/v2\/users\/1"}],"replies":[{"embeddable":true,"href":"https:\/\/www.isalt-gestion.com\/en\/wp-json\/wp\/v2\/comments?post=2003"}],"version-history":[{"count":4,"href":"https:\/\/www.isalt-gestion.com\/en\/wp-json\/wp\/v2\/posts\/2003\/revisions"}],"predecessor-version":[{"id":2016,"href":"https:\/\/www.isalt-gestion.com\/en\/wp-json\/wp\/v2\/posts\/2003\/revisions\/2016"}],"wp:featuredmedia":[{"embeddable":true,"href":"https:\/\/www.isalt-gestion.com\/en\/wp-json\/wp\/v2\/media\/2005"}],"wp:attachment":[{"href":"https:\/\/www.isalt-gestion.com\/en\/wp-json\/wp\/v2\/media?parent=2003"}],"wp:term":[{"taxonomy":"category","embeddable":true,"href":"https:\/\/www.isalt-gestion.com\/en\/wp-json\/wp\/v2\/categories?post=2003"},{"taxonomy":"post_tag","embeddable":true,"href":"https:\/\/www.isalt-gestion.com\/en\/wp-json\/wp\/v2\/tags?post=2003"}],"curies":[{"name":"wp","href":"https:\/\/api.w.org\/{rel}","templated":true}]}}